{"id":1466,"date":"2023-05-08T13:57:54","date_gmt":"2023-05-08T11:57:54","guid":{"rendered":"https:\/\/www.hotelrivieralimone.com\/the-western-part-of-the-gardesana-road\/"},"modified":"2023-08-21T10:21:56","modified_gmt":"2023-08-21T08:21:56","slug":"die-westliche-gardesana","status":"publish","type":"post","link":"https:\/\/www.hotelrivieralimone.com\/de\/die-westliche-gardesana\/","title":{"rendered":"Die Westliche Gardesana"},"content":{"rendered":"<section class=\"l-section wpb_row height_large\"><div class=\"l-section-h i-cf\"><div class=\"g-cols vc_row via_grid cols_1 laptops-cols_inherit tablets-cols_inherit mobiles-cols_1 valign_top type_default stacking_default\"><div class=\"wpb_column vc_column_container\"><div class=\"vc_column-inner\"><div class=\"wpb_text_column\"><div class=\"wpb_wrapper\"><p>\u201cIl Meandro\u201d (Der M\u00e4ander): Geschichtliche, landschaftliche und geotechnische Aspekte der Strassenbaukunst der Gardesana Occidentale in Vergangenheit und Gegenwart.<\/p>\n<p>von Milena Rodella<br \/>\n\u201cIl Meandro\u201d: Diesen Namen hatte der Dichter Gabriele d\u2019Annunzio der Gardaseestra\u00dfe zwischen Gargnano und Riva gegeben, passend zur \u201em\u00e4andernden\u201c Streckenf\u00fchrung der Strasse an den Steilk\u00fcsten und Felsw\u00e4nden, die hier das westliche Gardaseeufer charakterisieren.<br \/>\nProfessor Fulvio Zezza, Vorsitzender der Abteilung Umwelt und Geologie der Architekturfakult\u00e4t an der Universit\u00e4t Venedig (IUAV) erkl\u00e4rt, dass sich der Planer, Ing. Riccardo Cozzaglio, bei seinem Projekt von seiner kulturellen Bildung und seiner grossen \u00f6kologischen und \u00f6konomischen Sensibilit\u00e4t leiten liess. Ing. Cozzaglio versuchte, mit der neuen Infrastruktur die Einzigartigkeit der Westk\u00fcste zu erhalten, indem er die technischen Probleme in engen Zusammenhang mit den landschaftlichen Gegebenheiten betrachtete und auf eine harmonische L\u00f6sung aller Faktoren bedacht war (Zezza, 2009, 48). \u201cIch betrachtete jedes Problem zun\u00e4chst unter dem rein technischen Aspekt, um die sich mir stellenden Probleme zu meistern, doch bef\u00fcgelte dies\u00a0 gleichzeitig meine\u00a0\u00a0 Inspiration und meine professionellen Anspr\u00fcche (19).\u201c<br \/>\nDas Strassenprojekt sollte\u00a0 sich harmonisch in die Fels- und\u00a0 Wasserlandschaft einf\u00fcgen, deren landschaftlichen und geologischen Charakter nicht zerst\u00f6ren, sondern im Gegenteil hervorheben, sch\u00fctzen und\u00a0 sich allgemein zu einem Verbindungsglied zwischen Poebene und s\u00fcdlichem Alpenrand entwickeln (20). Die n\u00f6tige technisch-formale Anpassung der Ingenieursarbeit an das Gel\u00e4nde ging Hand in Hand mit dem Willen, eine einmalige Panoramastra\u00dfe zu kreieren: Malerische Blickwinkel und gigantische Landschaften er\u00f6ffnen sich an den in die Kalkschichten gemei\u00dfelten Tunnelausg\u00e4ngen, w\u00e4hrend kunstvoll gemauerte Br\u00fccken wundersch\u00f6ne kleine T\u00e4ler und Einschnitte aus verschiedenartigsten Gesteinsschichten miteinander verbanden.<br \/>\nZur Vollendung der spektakul\u00e4ren Fels- und Wasserlandschaft wurde zwischen 1932 und 1936 ein Wiederaufforstungsprojekt der Gardaseek\u00fcste unter der Leitung von Ing. Giulio Angelini verwirklicht: \u00dcber 250.000 B\u00e4ume wurden gepflanzt, meist Zypressen auf die Seeseite und Schwarzkiefern auf den bergseitigen H\u00e4ngen.<br \/>\nDie Bepflanzung diente nicht nur der \u00c4sthetik, sondern auch der Befestigung der H\u00e4nge und der Regulierung des Oberfl\u00e4chenwassers. Die gesamte Umgebung hat mit dem wunderbaren Pflanzenbestand eine enorme Wertsteigerung erfahren (83).<br \/>\nLaut Informationen eines Zeitzeugen, der diese von Herrn Cozzaglio in der Einweihungsphase bekam, gab es beim bau der Strasse betr\u00e4chtliche Schwierigkeiten: \u2018Die Strecke (nach Gargnano) vom Valle della Torre bis zum Hafen von Tignale war am schwierigsten\u2026 In diesem Abschnitt erhebt sich die Stra\u00dfe auf ihre Maximalh\u00f6he von 120 Metern \u00fcber dem See und verl\u00e4uft fast komplett im Fels, meist im Tunnel. Der Fels besteht unterhalb von Muslone im ersten Bereich aus d\u00fcnnen Schichten und erforderte bei der Erbauung der Tunnel besondere, polyzentrisch erh\u00f6hte spitzb\u00f6gige Stahlgew\u00f6lbe\u2019 (G.Silvestri, \u2018La nuova strada sul Garda\u2019, Natura, Nr. 9, 1931 bei Zezza: 46)<br \/>\nBesonders die Geologie erwies sich als ein Hindernis, das es wegen der komplizierten tektonischen Beziehungen zwischen den verschiedenen Gesteinsarten bzw. der verschiedenen Bedingungen aufgrund der Schichtung und der Rissbildung der Felsb\u00e4nke zu \u00fcberwinden galt. Die H\u00e4nge sind \u00fcberdies noch mit losem Gestein aus ehemaligen Gletschern und Flussl\u00e4ufen bedeckt. Diese Schotterhaufen, manchmal auch in der Form von Muren, erschwerten die Arbeit zus\u00e4tzlich (48).<br \/>\nDie Faszination der Stra\u00dfe mit ihren harmonischen und dramatischen Elementen ist heutzutage\u00a0 aufgrund der Interventionen, die seit den Sechziger Jahren die Streckenf\u00fchrung aufgrund alleiniger technisch funktioneller Vorgaben ver\u00e4ndert haben, in Frage gestellt: Die Modernisierungsarbeiten wurden als Einzelma\u00dfnahmen ohne eine Gesamtvision durchgef\u00fchrt. Vor allem durch die vielen neuen Tunnel ist die \u201eStra\u00dfe der Wunder\u201c in weiten Teilen im Berg verschwunden und in Gefahr, ihren einzigartigen Charakter zu verlieren.<br \/>\nZur Vertiefung der morphologischen und geologischen Aspekte und des historischen und landschaftlichen Werts des \u201eMeandro\u201c empfiehlt es sich, das Buch \u201eLa strada Gardesana Occidentale. Zwischen Planung Anfang des 20. Jahrhunderts und Umwandlungen an seinem Ende\u201c (Arco, Grafica 5a Edizione, 2005) zu lesen.<\/p>\n<\/div><\/div><\/div><\/div><\/div><\/div><\/section>\n","protected":false},"excerpt":{"rendered":"\u201cIl Meandro\u201d (Der M\u00e4ander): Geschichtliche, landschaftliche und geotechnische Aspekte der Strassenbaukunst der Gardesana Occidentale in Vergangenheit und Gegenwart. von Milena Rodella \u201cIl Meandro\u201d: Diesen Namen hatte der Dichter Gabriele d\u2019Annunzio der Gardaseestra\u00dfe zwischen Gargnano und Riva gegeben, passend zur \u201em\u00e4andernden\u201c Streckenf\u00fchrung der Strasse an den Steilk\u00fcsten und Felsw\u00e4nden, die hier das westliche Gardaseeufer charakterisieren. Professor...","protected":false},"author":1,"featured_media":0,"comment_status":"closed","ping_status":"closed","sticky":false,"template":"","format":"standard","meta":{"_acf_changed":false,"inline_featured_image":false,"footnotes":""},"categories":[37],"tags":[],"class_list":["post-1466","post","type-post","status-publish","format-standard","hentry","category-tipps"],"acf":[],"yoast_head":"<!-- This site is optimized with the Yoast SEO plugin v27.5 - https:\/\/yoast.com\/product\/yoast-seo-wordpress\/ -->\n<title>Die Westliche Gardesana - Hotel Riviera Limone<\/title>\n<meta name=\"robots\" content=\"index, follow, max-snippet:-1, max-image-preview:large, max-video-preview:-1\" \/>\n<link rel=\"canonical\" href=\"https:\/\/www.hotelrivieralimone.com\/de\/die-westliche-gardesana\/\" \/>\n<meta property=\"og:locale\" content=\"de_DE\" \/>\n<meta property=\"og:type\" content=\"article\" \/>\n<meta property=\"og:title\" content=\"Die Westliche Gardesana - Hotel Riviera Limone\" \/>\n<meta property=\"og:url\" content=\"https:\/\/www.hotelrivieralimone.com\/de\/die-westliche-gardesana\/\" \/>\n<meta property=\"og:site_name\" content=\"Hotel Riviera Limone\" \/>\n<meta property=\"article:publisher\" content=\"https:\/\/www.facebook.com\/rivieralimone\" \/>\n<meta property=\"article:published_time\" content=\"2023-05-08T11:57:54+00:00\" \/>\n<meta property=\"article:modified_time\" content=\"2023-08-21T08:21:56+00:00\" \/>\n<meta name=\"author\" content=\"admin\" \/>\n<meta name=\"twitter:card\" content=\"summary_large_image\" \/>\n<meta name=\"twitter:label1\" content=\"Verfasst von\" \/>\n\t<meta name=\"twitter:data1\" content=\"admin\" \/>\n\t<meta name=\"twitter:label2\" content=\"Gesch\u00e4tzte Lesezeit\" \/>\n\t<meta name=\"twitter:data2\" content=\"3\u00a0Minuten\" \/>\n<script type=\"application\/ld+json\" class=\"yoast-schema-graph\">{\"@context\":\"https:\\\/\\\/schema.org\",\"@graph\":[{\"@type\":\"Article\",\"@id\":\"https:\\\/\\\/www.hotelrivieralimone.com\\\/de\\\/die-westliche-gardesana\\\/#article\",\"isPartOf\":{\"@id\":\"https:\\\/\\\/www.hotelrivieralimone.com\\\/de\\\/die-westliche-gardesana\\\/\"},\"author\":{\"name\":\"admin\",\"@id\":\"https:\\\/\\\/www.hotelrivieralimone.com\\\/#\\\/schema\\\/person\\\/cb637f3e6e16c4fbc939bbaa9904bf56\"},\"headline\":\"Die Westliche Gardesana\",\"datePublished\":\"2023-05-08T11:57:54+00:00\",\"dateModified\":\"2023-08-21T08:21:56+00:00\",\"mainEntityOfPage\":{\"@id\":\"https:\\\/\\\/www.hotelrivieralimone.com\\\/de\\\/die-westliche-gardesana\\\/\"},\"wordCount\":644,\"publisher\":{\"@id\":\"https:\\\/\\\/www.hotelrivieralimone.com\\\/#organization\"},\"articleSection\":[\"Tipps\"],\"inLanguage\":\"de\"},{\"@type\":\"WebPage\",\"@id\":\"https:\\\/\\\/www.hotelrivieralimone.com\\\/de\\\/die-westliche-gardesana\\\/\",\"url\":\"https:\\\/\\\/www.hotelrivieralimone.com\\\/de\\\/die-westliche-gardesana\\\/\",\"name\":\"Die Westliche Gardesana - Hotel Riviera Limone\",\"isPartOf\":{\"@id\":\"https:\\\/\\\/www.hotelrivieralimone.com\\\/#website\"},\"datePublished\":\"2023-05-08T11:57:54+00:00\",\"dateModified\":\"2023-08-21T08:21:56+00:00\",\"breadcrumb\":{\"@id\":\"https:\\\/\\\/www.hotelrivieralimone.com\\\/de\\\/die-westliche-gardesana\\\/#breadcrumb\"},\"inLanguage\":\"de\",\"potentialAction\":[{\"@type\":\"ReadAction\",\"target\":[\"https:\\\/\\\/www.hotelrivieralimone.com\\\/de\\\/die-westliche-gardesana\\\/\"]}]},{\"@type\":\"BreadcrumbList\",\"@id\":\"https:\\\/\\\/www.hotelrivieralimone.com\\\/de\\\/die-westliche-gardesana\\\/#breadcrumb\",\"itemListElement\":[{\"@type\":\"ListItem\",\"position\":1,\"name\":\"Home\",\"item\":\"https:\\\/\\\/www.hotelrivieralimone.com\\\/de\\\/\"},{\"@type\":\"ListItem\",\"position\":2,\"name\":\"Die Westliche Gardesana\"}]},{\"@type\":\"WebSite\",\"@id\":\"https:\\\/\\\/www.hotelrivieralimone.com\\\/#website\",\"url\":\"https:\\\/\\\/www.hotelrivieralimone.com\\\/\",\"name\":\"Hotel Riviera Limone\",\"description\":\"Hotel Riviera Limone\",\"publisher\":{\"@id\":\"https:\\\/\\\/www.hotelrivieralimone.com\\\/#organization\"},\"potentialAction\":[{\"@type\":\"SearchAction\",\"target\":{\"@type\":\"EntryPoint\",\"urlTemplate\":\"https:\\\/\\\/www.hotelrivieralimone.com\\\/?s={search_term_string}\"},\"query-input\":{\"@type\":\"PropertyValueSpecification\",\"valueRequired\":true,\"valueName\":\"search_term_string\"}}],\"inLanguage\":\"de\"},{\"@type\":\"Organization\",\"@id\":\"https:\\\/\\\/www.hotelrivieralimone.com\\\/#organization\",\"name\":\"Hotel Riviera Limone\",\"url\":\"https:\\\/\\\/www.hotelrivieralimone.com\\\/\",\"logo\":{\"@type\":\"ImageObject\",\"inLanguage\":\"de\",\"@id\":\"https:\\\/\\\/www.hotelrivieralimone.com\\\/#\\\/schema\\\/logo\\\/image\\\/\",\"url\":\"https:\\\/\\\/www.hotelrivieralimone.com\\\/wp-content\\\/uploads\\\/2023\\\/08\\\/Risorsa-2-100.jpg\",\"contentUrl\":\"https:\\\/\\\/www.hotelrivieralimone.com\\\/wp-content\\\/uploads\\\/2023\\\/08\\\/Risorsa-2-100.jpg\",\"width\":801,\"height\":801,\"caption\":\"Hotel Riviera Limone\"},\"image\":{\"@id\":\"https:\\\/\\\/www.hotelrivieralimone.com\\\/#\\\/schema\\\/logo\\\/image\\\/\"},\"sameAs\":[\"https:\\\/\\\/www.facebook.com\\\/rivieralimone\"]},{\"@type\":\"Person\",\"@id\":\"https:\\\/\\\/www.hotelrivieralimone.com\\\/#\\\/schema\\\/person\\\/cb637f3e6e16c4fbc939bbaa9904bf56\",\"name\":\"admin\",\"sameAs\":[\"https:\\\/\\\/www.hotelrivieralimone.com\"],\"url\":\"https:\\\/\\\/www.hotelrivieralimone.com\\\/de\\\/author\\\/admin\\\/\"}]}<\/script>\n<!-- \/ Yoast SEO plugin. -->","yoast_head_json":{"title":"Die Westliche Gardesana - Hotel Riviera Limone","robots":{"index":"index","follow":"follow","max-snippet":"max-snippet:-1","max-image-preview":"max-image-preview:large","max-video-preview":"max-video-preview:-1"},"canonical":"https:\/\/www.hotelrivieralimone.com\/de\/die-westliche-gardesana\/","og_locale":"de_DE","og_type":"article","og_title":"Die Westliche Gardesana - Hotel Riviera Limone","og_url":"https:\/\/www.hotelrivieralimone.com\/de\/die-westliche-gardesana\/","og_site_name":"Hotel Riviera Limone","article_publisher":"https:\/\/www.facebook.com\/rivieralimone","article_published_time":"2023-05-08T11:57:54+00:00","article_modified_time":"2023-08-21T08:21:56+00:00","author":"admin","twitter_card":"summary_large_image","twitter_misc":{"Verfasst von":"admin","Gesch\u00e4tzte Lesezeit":"3\u00a0Minuten"},"schema":{"@context":"https:\/\/schema.org","@graph":[{"@type":"Article","@id":"https:\/\/www.hotelrivieralimone.com\/de\/die-westliche-gardesana\/#article","isPartOf":{"@id":"https:\/\/www.hotelrivieralimone.com\/de\/die-westliche-gardesana\/"},"author":{"name":"admin","@id":"https:\/\/www.hotelrivieralimone.com\/#\/schema\/person\/cb637f3e6e16c4fbc939bbaa9904bf56"},"headline":"Die Westliche Gardesana","datePublished":"2023-05-08T11:57:54+00:00","dateModified":"2023-08-21T08:21:56+00:00","mainEntityOfPage":{"@id":"https:\/\/www.hotelrivieralimone.com\/de\/die-westliche-gardesana\/"},"wordCount":644,"publisher":{"@id":"https:\/\/www.hotelrivieralimone.com\/#organization"},"articleSection":["Tipps"],"inLanguage":"de"},{"@type":"WebPage","@id":"https:\/\/www.hotelrivieralimone.com\/de\/die-westliche-gardesana\/","url":"https:\/\/www.hotelrivieralimone.com\/de\/die-westliche-gardesana\/","name":"Die Westliche Gardesana - Hotel Riviera Limone","isPartOf":{"@id":"https:\/\/www.hotelrivieralimone.com\/#website"},"datePublished":"2023-05-08T11:57:54+00:00","dateModified":"2023-08-21T08:21:56+00:00","breadcrumb":{"@id":"https:\/\/www.hotelrivieralimone.com\/de\/die-westliche-gardesana\/#breadcrumb"},"inLanguage":"de","potentialAction":[{"@type":"ReadAction","target":["https:\/\/www.hotelrivieralimone.com\/de\/die-westliche-gardesana\/"]}]},{"@type":"BreadcrumbList","@id":"https:\/\/www.hotelrivieralimone.com\/de\/die-westliche-gardesana\/#breadcrumb","itemListElement":[{"@type":"ListItem","position":1,"name":"Home","item":"https:\/\/www.hotelrivieralimone.com\/de\/"},{"@type":"ListItem","position":2,"name":"Die Westliche Gardesana"}]},{"@type":"WebSite","@id":"https:\/\/www.hotelrivieralimone.com\/#website","url":"https:\/\/www.hotelrivieralimone.com\/","name":"Hotel Riviera Limone","description":"Hotel Riviera Limone","publisher":{"@id":"https:\/\/www.hotelrivieralimone.com\/#organization"},"potentialAction":[{"@type":"SearchAction","target":{"@type":"EntryPoint","urlTemplate":"https:\/\/www.hotelrivieralimone.com\/?s={search_term_string}"},"query-input":{"@type":"PropertyValueSpecification","valueRequired":true,"valueName":"search_term_string"}}],"inLanguage":"de"},{"@type":"Organization","@id":"https:\/\/www.hotelrivieralimone.com\/#organization","name":"Hotel Riviera Limone","url":"https:\/\/www.hotelrivieralimone.com\/","logo":{"@type":"ImageObject","inLanguage":"de","@id":"https:\/\/www.hotelrivieralimone.com\/#\/schema\/logo\/image\/","url":"https:\/\/www.hotelrivieralimone.com\/wp-content\/uploads\/2023\/08\/Risorsa-2-100.jpg","contentUrl":"https:\/\/www.hotelrivieralimone.com\/wp-content\/uploads\/2023\/08\/Risorsa-2-100.jpg","width":801,"height":801,"caption":"Hotel Riviera Limone"},"image":{"@id":"https:\/\/www.hotelrivieralimone.com\/#\/schema\/logo\/image\/"},"sameAs":["https:\/\/www.facebook.com\/rivieralimone"]},{"@type":"Person","@id":"https:\/\/www.hotelrivieralimone.com\/#\/schema\/person\/cb637f3e6e16c4fbc939bbaa9904bf56","name":"admin","sameAs":["https:\/\/www.hotelrivieralimone.com"],"url":"https:\/\/www.hotelrivieralimone.com\/de\/author\/admin\/"}]}},"_links":{"self":[{"href":"https:\/\/www.hotelrivieralimone.com\/de\/wp-json\/wp\/v2\/posts\/1466","targetHints":{"allow":["GET"]}}],"collection":[{"href":"https:\/\/www.hotelrivieralimone.com\/de\/wp-json\/wp\/v2\/posts"}],"about":[{"href":"https:\/\/www.hotelrivieralimone.com\/de\/wp-json\/wp\/v2\/types\/post"}],"author":[{"embeddable":true,"href":"https:\/\/www.hotelrivieralimone.com\/de\/wp-json\/wp\/v2\/users\/1"}],"replies":[{"embeddable":true,"href":"https:\/\/www.hotelrivieralimone.com\/de\/wp-json\/wp\/v2\/comments?post=1466"}],"version-history":[{"count":1,"href":"https:\/\/www.hotelrivieralimone.com\/de\/wp-json\/wp\/v2\/posts\/1466\/revisions"}],"predecessor-version":[{"id":1467,"href":"https:\/\/www.hotelrivieralimone.com\/de\/wp-json\/wp\/v2\/posts\/1466\/revisions\/1467"}],"wp:attachment":[{"href":"https:\/\/www.hotelrivieralimone.com\/de\/wp-json\/wp\/v2\/media?parent=1466"}],"wp:term":[{"taxonomy":"category","embeddable":true,"href":"https:\/\/www.hotelrivieralimone.com\/de\/wp-json\/wp\/v2\/categories?post=1466"},{"taxonomy":"post_tag","embeddable":true,"href":"https:\/\/www.hotelrivieralimone.com\/de\/wp-json\/wp\/v2\/tags?post=1466"}],"curies":[{"name":"wp","href":"https:\/\/api.w.org\/{rel}","templated":true}]}}